{"id":2894,"date":"2011-08-06T17:04:46","date_gmt":"2011-08-06T17:04:46","guid":{"rendered":"http:\/\/www.gordinez.com.br\/blog\/?p=2894"},"modified":"2024-08-06T08:34:17","modified_gmt":"2024-08-06T11:34:17","slug":"gramado-2","status":"publish","type":"post","link":"https:\/\/gordinez.com.br\/blog\/?p=2894","title":{"rendered":"Gramado"},"content":{"rendered":"<p>Fazia tempo que estavamos querendo ir para Gramado, ent\u00e3o aproveitamos que era anivers\u00e1rio da Grazi e fomos. N\u00e3o demos muita sorte, pois tinha o Festival de Cinama de Gramado e estava tudo lotado.<\/p>\n<p>O dia estava bem bonito mas com previs\u00e3o de chuva pra domingo. Passeamos pela rua dos festivais, vimos o Red Carpet (sem ningu\u00e9m de famoso) e tomamos um caf\u00e9 por ali. Fomos para o hotel para tirar uma soneca antes da janta.<\/p>\n<p>Jantamos num restaurante bem proximo a Rua Coberta, nem pensamos em outro menu, fomos de fondue mesmo. Este lugar nunca tinhamos ido e o fondue era bem bom (Alpine La Table). Na sa\u00edda estava ficando frio e a Grazi com sintomas de gripe, ent\u00e3o fomos para o hotel.<\/p>\n<p>Acendemos a lareira e dormimos por ali mesmo. O domingo amanheceu chuvoso, ent\u00e3o tomamos caf\u00e9 e viemos embora.<\/p>\n\n\t\t<style type=\"text\/css\">\n\t\t\t#gallery-1 {\n\t\t\t\tmargin: auto;\n\t\t\t}\n\t\t\t#gallery-1 .gallery-item {\n\t\t\t\tfloat: left;\n\t\t\t\tmargin-top: 10px;\n\t\t\t\ttext-align: center;\n\t\t\t\twidth: 33%;\n\t\t\t}\n\t\t\t#gallery-1 img {\n\t\t\t\tborder: 2px solid #cfcfcf;\n\t\t\t}\n\t\t\t#gallery-1 .gallery-caption {\n\t\t\t\tmargin-left: 0;\n\t\t\t}\n\t\t\t\/* see gallery_shortcode() in wp-includes\/media.php *\/\n\t\t<\/style>\n\t\t<div id='gallery-1' class='gallery galleryid-2894 gallery-columns-3 gallery-size-thumbnail'><dl class='gallery-item'>\n\t\t\t<dt class='gallery-icon landscape'>\n\t\t\t\t<a href='https:\/\/gordinez.com.br\/blog\/wp-content\/uploads\/2011\/08\/DSC_8742.jpg'><img loading=\"lazy\" decoding=\"async\" width=\"150\" height=\"150\" src=\"https:\/\/gordinez.com.br\/blog\/wp-content\/uploads\/2011\/08\/DSC_8742-150x150.jpg\" class=\"attachment-thumbnail size-thumbnail\" alt=\"\" \/><\/a>\n\t\t\t<\/dt><\/dl><dl class='gallery-item'>\n\t\t\t<dt class='gallery-icon landscape'>\n\t\t\t\t<a href='https:\/\/gordinez.com.br\/blog\/wp-content\/uploads\/2011\/08\/DSC_8744.jpg'><img loading=\"lazy\" decoding=\"async\" width=\"150\" height=\"150\" src=\"https:\/\/gordinez.com.br\/blog\/wp-content\/uploads\/2011\/08\/DSC_8744-150x150.jpg\" class=\"attachment-thumbnail size-thumbnail\" alt=\"\" \/><\/a>\n\t\t\t<\/dt><\/dl><dl class='gallery-item'>\n\t\t\t<dt class='gallery-icon portrait'>\n\t\t\t\t<a href='https:\/\/gordinez.com.br\/blog\/wp-content\/uploads\/2011\/08\/DSC_8748.jpg'><img loading=\"lazy\" decoding=\"async\" width=\"150\" height=\"150\" src=\"https:\/\/gordinez.com.br\/blog\/wp-content\/uploads\/2011\/08\/DSC_8748-150x150.jpg\" class=\"attachment-thumbnail size-thumbnail\" alt=\"\" \/><\/a>\n\t\t\t<\/dt><\/dl><br style=\"clear: both\" \/><dl class='gallery-item'>\n\t\t\t<dt class='gallery-icon landscape'>\n\t\t\t\t<a href='https:\/\/gordinez.com.br\/blog\/wp-content\/uploads\/2011\/08\/DSC_8750.jpg'><img loading=\"lazy\" decoding=\"async\" width=\"150\" height=\"150\" src=\"https:\/\/gordinez.com.br\/blog\/wp-content\/uploads\/2011\/08\/DSC_8750-150x150.jpg\" class=\"attachment-thumbnail size-thumbnail\" alt=\"\" \/><\/a>\n\t\t\t<\/dt><\/dl><dl class='gallery-item'>\n\t\t\t<dt class='gallery-icon landscape'>\n\t\t\t\t<a href='https:\/\/gordinez.com.br\/blog\/wp-content\/uploads\/2011\/08\/DSC_8752.jpg'><img loading=\"lazy\" decoding=\"async\" width=\"150\" height=\"150\" src=\"https:\/\/gordinez.com.br\/blog\/wp-content\/uploads\/2011\/08\/DSC_8752-150x150.jpg\" class=\"attachment-thumbnail size-thumbnail\" alt=\"\" \/><\/a>\n\t\t\t<\/dt><\/dl><dl class='gallery-item'>\n\t\t\t<dt class='gallery-icon portrait'>\n\t\t\t\t<a href='https:\/\/gordinez.com.br\/blog\/wp-content\/uploads\/2011\/08\/DSC_8754.jpg'><img loading=\"lazy\" decoding=\"async\" width=\"150\" height=\"150\" src=\"https:\/\/gordinez.com.br\/blog\/wp-content\/uploads\/2011\/08\/DSC_8754-150x150.jpg\" class=\"attachment-thumbnail size-thumbnail\" alt=\"\" \/><\/a>\n\t\t\t<\/dt><\/dl><br style=\"clear: both\" \/>\n\t\t<\/div>\n\n","protected":false},"excerpt":{"rendered":"<p>Fazia tempo que estavamos querendo ir para Gramado, ent\u00e3o aproveitamos que era anivers\u00e1rio da Grazi e fomos. N\u00e3o demos muita sorte, pois tinha o Festival de Cinama de Gramado e estava tudo lotado. O dia estava bem bonito mas com previs\u00e3o de chuva pra domingo. Passeamos pela rua dos festivais, vimos o Red Carpet (sem [&hellip;]<\/p>\n","protected":false},"author":2,"featured_media":0,"comment_status":"closed","ping_status":"open","sticky":false,"template":"","format":"standard","meta":{"footnotes":""},"categories":[3],"tags":[],"class_list":["post-2894","post","type-post","status-publish","format-standard","hentry","category-viagens"],"_links":{"self":[{"href":"https:\/\/gordinez.com.br\/blog\/index.php?rest_route=\/wp\/v2\/posts\/2894","targetHints":{"allow":["GET"]}}],"collection":[{"href":"https:\/\/gordinez.com.br\/blog\/index.php?rest_route=\/wp\/v2\/posts"}],"about":[{"href":"https:\/\/gordinez.com.br\/blog\/index.php?rest_route=\/wp\/v2\/types\/post"}],"author":[{"embeddable":true,"href":"https:\/\/gordinez.com.br\/blog\/index.php?rest_route=\/wp\/v2\/users\/2"}],"replies":[{"embeddable":true,"href":"https:\/\/gordinez.com.br\/blog\/index.php?rest_route=%2Fwp%2Fv2%2Fcomments&post=2894"}],"version-history":[{"count":5,"href":"https:\/\/gordinez.com.br\/blog\/index.php?rest_route=\/wp\/v2\/posts\/2894\/revisions"}],"predecessor-version":[{"id":31517,"href":"https:\/\/gordinez.com.br\/blog\/index.php?rest_route=\/wp\/v2\/posts\/2894\/revisions\/31517"}],"wp:attachment":[{"href":"https:\/\/gordinez.com.br\/blog\/index.php?rest_route=%2Fwp%2Fv2%2Fmedia&parent=2894"}],"wp:term":[{"taxonomy":"category","embeddable":true,"href":"https:\/\/gordinez.com.br\/blog\/index.php?rest_route=%2Fwp%2Fv2%2Fcategories&post=2894"},{"taxonomy":"post_tag","embeddable":true,"href":"https:\/\/gordinez.com.br\/blog\/index.php?rest_route=%2Fwp%2Fv2%2Ftags&post=2894"}],"curies":[{"name":"wp","href":"https:\/\/api.w.org\/{rel}","templated":true}]}}