{"id":2044,"date":"2011-03-22T08:13:15","date_gmt":"2011-03-22T08:13:15","guid":{"rendered":"http:\/\/www.gordinez.com.br\/blog\/?p=2044"},"modified":"2011-03-25T21:52:56","modified_gmt":"2011-03-25T21:52:56","slug":"enterro","status":"publish","type":"post","link":"https:\/\/gordinez.com.br\/blog\/?p=2044","title":{"rendered":"Enterro"},"content":{"rendered":"<p>Hoje pela manh\u00e3 come\u00e7ou o vel\u00f3rio do Pai.. chegamos por volta das 9h e ficamos at\u00e9 as 14h. Foi muito triste mas acho que foi melhor para ele..<\/p>\n<p>Diversos amigos compareceram.. Marcia Suguitani, M\u00e1rio Suguitani, Enio, Ernani, Roberto Cebola, Leo Vogt, Alex, Luciano, Carlos Haas, Mateus Haas, Fabr\u00edcio Peruzzo, Ingue Peruzzo, Erna Peruzzo, Vili Peruzzo, Paulo Jaeger, Juliana Jaeger, Alicia Salvador, Monica Bergmann, Melissa Cardoso, Leonardo Rathunde, Gilberto Pristch, Paulo Trevisan, Mark Bredahl, Rog\u00e9rio Ribeiro, Ralph Starbuck, Santi Brito, Silvio Brito, Alex Brito, Lizandra Brito, Mario Kerber, Adriano, Carlos Gimmler, Mirna Gimmler, Carol Gimmler, Marcelo Aquini, Carol Bittencourt, Jean Leggerini, Tiba, Elizete Berlarto, Loeci, Eduardo, Lika, Daniel Nunes, Bruno Ratniecks, Gustavo Tagliasuchi e Diego Nolde.<\/p>\n<p>Obrigado a Todos.<\/p>\n<div id=\"attachment_2045\" style=\"width: 310px\" class=\"wp-caption aligncenter\"><a href=\"http:\/\/www.gordinez.com.br\/blog\/wp-content\/uploads\/2011\/03\/gr_DSC05187.jpg\"><img loading=\"lazy\" decoding=\"async\" aria-describedby=\"caption-attachment-2045\" class=\"size-medium wp-image-2045\" title=\"gr_DSC05187\" src=\"http:\/\/www.gordinez.com.br\/blog\/wp-content\/uploads\/2011\/03\/gr_DSC05187-300x225.jpg\" alt=\"\" width=\"300\" height=\"225\" srcset=\"https:\/\/gordinez.com.br\/blog\/wp-content\/uploads\/2011\/03\/gr_DSC05187-300x225.jpg 300w, https:\/\/gordinez.com.br\/blog\/wp-content\/uploads\/2011\/03\/gr_DSC05187.jpg 800w\" sizes=\"auto, (max-width: 300px) 100vw, 300px\" \/><\/a><p id=\"caption-attachment-2045\" class=\"wp-caption-text\">Saudades Pai..<\/p><\/div>\n","protected":false},"excerpt":{"rendered":"<p>Hoje pela manh\u00e3 come\u00e7ou o vel\u00f3rio do Pai.. chegamos por volta das 9h e ficamos at\u00e9 as 14h. Foi muito triste mas acho que foi melhor para ele.. Diversos amigos compareceram.. Marcia Suguitani, M\u00e1rio Suguitani, Enio, Ernani, Roberto Cebola, Leo Vogt, Alex, Luciano, Carlos Haas, Mateus Haas, Fabr\u00edcio Peruzzo, Ingue Peruzzo, Erna Peruzzo, Vili Peruzzo, [&hellip;]<\/p>\n","protected":false},"author":2,"featured_media":0,"comment_status":"open","ping_status":"open","sticky":false,"template":"","format":"standard","meta":{"footnotes":""},"categories":[1],"tags":[],"class_list":["post-2044","post","type-post","status-publish","format-standard","hentry","category-sem-categoria"],"_links":{"self":[{"href":"https:\/\/gordinez.com.br\/blog\/index.php?rest_route=\/wp\/v2\/posts\/2044","targetHints":{"allow":["GET"]}}],"collection":[{"href":"https:\/\/gordinez.com.br\/blog\/index.php?rest_route=\/wp\/v2\/posts"}],"about":[{"href":"https:\/\/gordinez.com.br\/blog\/index.php?rest_route=\/wp\/v2\/types\/post"}],"author":[{"embeddable":true,"href":"https:\/\/gordinez.com.br\/blog\/index.php?rest_route=\/wp\/v2\/users\/2"}],"replies":[{"embeddable":true,"href":"https:\/\/gordinez.com.br\/blog\/index.php?rest_route=%2Fwp%2Fv2%2Fcomments&post=2044"}],"version-history":[{"count":4,"href":"https:\/\/gordinez.com.br\/blog\/index.php?rest_route=\/wp\/v2\/posts\/2044\/revisions"}],"predecessor-version":[{"id":2047,"href":"https:\/\/gordinez.com.br\/blog\/index.php?rest_route=\/wp\/v2\/posts\/2044\/revisions\/2047"}],"wp:attachment":[{"href":"https:\/\/gordinez.com.br\/blog\/index.php?rest_route=%2Fwp%2Fv2%2Fmedia&parent=2044"}],"wp:term":[{"taxonomy":"category","embeddable":true,"href":"https:\/\/gordinez.com.br\/blog\/index.php?rest_route=%2Fwp%2Fv2%2Fcategories&post=2044"},{"taxonomy":"post_tag","embeddable":true,"href":"https:\/\/gordinez.com.br\/blog\/index.php?rest_route=%2Fwp%2Fv2%2Ftags&post=2044"}],"curies":[{"name":"wp","href":"https:\/\/api.w.org\/{rel}","templated":true}]}}