{"id":19893,"date":"2019-08-26T18:00:19","date_gmt":"2019-08-26T21:00:19","guid":{"rendered":"http:\/\/gordinez.com.br\/blog\/?p=19893"},"modified":"2019-08-26T22:00:38","modified_gmt":"2019-08-27T01:00:38","slug":"degustacao-portugal-na-terrunyo","status":"publish","type":"post","link":"https:\/\/gordinez.com.br\/blog\/?p=19893","title":{"rendered":"Degusta\u00e7\u00e3o Portugal na Terrunyo"},"content":{"rendered":"<p>Fazia tempo que n\u00e3o participava de uma degusta\u00e7\u00e3o mas como o pessoal do Burg\u00fandios estavam convidando e eu nunca ia resolvi ir nesta. Os vinhos eram razo\u00e1veis, mas nada extraordin\u00e1rio. Provamos 9 vinhos, desde o Minho at\u00e9 do Porto, passando pela regi\u00e3o de Lisboa, Alentejo, Bairrada, D\u00e3o e outros.<\/p>\n<p>Estavam comigo o Telmo, Salom\u00e3o e o Guilherme.<\/p>\n<p><a href=\"http:\/\/gordinez.com.br\/blog\/wp-content\/uploads\/2019\/08\/3e47ac79-afc9-42af-a9d5-2c8d85a6b4d7.jpg\"><img loading=\"lazy\" decoding=\"async\" class=\"aligncenter size-medium wp-image-19894\" src=\"http:\/\/gordinez.com.br\/blog\/wp-content\/uploads\/2019\/08\/3e47ac79-afc9-42af-a9d5-2c8d85a6b4d7-225x300.jpg\" alt=\"3e47ac79-afc9-42af-a9d5-2c8d85a6b4d7\" width=\"225\" height=\"300\" srcset=\"https:\/\/gordinez.com.br\/blog\/wp-content\/uploads\/2019\/08\/3e47ac79-afc9-42af-a9d5-2c8d85a6b4d7-225x300.jpg 225w, https:\/\/gordinez.com.br\/blog\/wp-content\/uploads\/2019\/08\/3e47ac79-afc9-42af-a9d5-2c8d85a6b4d7-768x1024.jpg 768w, https:\/\/gordinez.com.br\/blog\/wp-content\/uploads\/2019\/08\/3e47ac79-afc9-42af-a9d5-2c8d85a6b4d7.jpg 960w\" sizes=\"auto, (max-width: 225px) 100vw, 225px\" \/><\/a><\/p>\n","protected":false},"excerpt":{"rendered":"<p>Fazia tempo que n\u00e3o participava de uma degusta\u00e7\u00e3o mas como o pessoal do Burg\u00fandios estavam convidando e eu nunca ia resolvi ir nesta. Os vinhos eram razo\u00e1veis, mas nada extraordin\u00e1rio. Provamos 9 vinhos, desde o Minho at\u00e9 do Porto, passando pela regi\u00e3o de Lisboa, Alentejo, Bairrada, D\u00e3o e outros. Estavam comigo o Telmo, Salom\u00e3o e [&hellip;]<\/p>\n","protected":false},"author":2,"featured_media":0,"comment_status":"closed","ping_status":"open","sticky":false,"template":"","format":"standard","meta":{"footnotes":""},"categories":[8],"tags":[],"class_list":["post-19893","post","type-post","status-publish","format-standard","hentry","category-eventos"],"_links":{"self":[{"href":"https:\/\/gordinez.com.br\/blog\/index.php?rest_route=\/wp\/v2\/posts\/19893","targetHints":{"allow":["GET"]}}],"collection":[{"href":"https:\/\/gordinez.com.br\/blog\/index.php?rest_route=\/wp\/v2\/posts"}],"about":[{"href":"https:\/\/gordinez.com.br\/blog\/index.php?rest_route=\/wp\/v2\/types\/post"}],"author":[{"embeddable":true,"href":"https:\/\/gordinez.com.br\/blog\/index.php?rest_route=\/wp\/v2\/users\/2"}],"replies":[{"embeddable":true,"href":"https:\/\/gordinez.com.br\/blog\/index.php?rest_route=%2Fwp%2Fv2%2Fcomments&post=19893"}],"version-history":[{"count":1,"href":"https:\/\/gordinez.com.br\/blog\/index.php?rest_route=\/wp\/v2\/posts\/19893\/revisions"}],"predecessor-version":[{"id":19895,"href":"https:\/\/gordinez.com.br\/blog\/index.php?rest_route=\/wp\/v2\/posts\/19893\/revisions\/19895"}],"wp:attachment":[{"href":"https:\/\/gordinez.com.br\/blog\/index.php?rest_route=%2Fwp%2Fv2%2Fmedia&parent=19893"}],"wp:term":[{"taxonomy":"category","embeddable":true,"href":"https:\/\/gordinez.com.br\/blog\/index.php?rest_route=%2Fwp%2Fv2%2Fcategories&post=19893"},{"taxonomy":"post_tag","embeddable":true,"href":"https:\/\/gordinez.com.br\/blog\/index.php?rest_route=%2Fwp%2Fv2%2Ftags&post=19893"}],"curies":[{"name":"wp","href":"https:\/\/api.w.org\/{rel}","templated":true}]}}