{"id":16697,"date":"2018-02-18T20:00:47","date_gmt":"2018-02-18T23:00:47","guid":{"rendered":"http:\/\/gordinez.com.br\/blog\/?p=16697"},"modified":"2018-02-20T21:01:21","modified_gmt":"2018-02-21T00:01:21","slug":"diario-do-vini-112","status":"publish","type":"post","link":"https:\/\/gordinez.com.br\/blog\/?p=16697","title":{"rendered":"Di\u00e1rio do Vini"},"content":{"rendered":"<p>Gente! achei que era o \u00faltimo dia de praia mas ainda ficamos at\u00e9 a metade da semana na praia! uhuuu!<\/p>\n<p>Eu gostei muito disso aqui, tem piscina, brinquedos e mais um monte de coisas legais. Confesso que o \u00fanico dia que fomos para a beira da praia a minha tia Tati me deu um picol\u00e9, como \u00e9 que eu n\u00e3o conhecia essa oitava maravilha? \u00e9 muito bom, meus pais nunca tinham me dado.. quero comer todos os dias agora!<\/p>\n<p>Vou pedir para a minha m\u00e3e de anivers\u00e1rio uma casa em um condom\u00ednio na praia para a gente morar por aqui, tem muitas coisas boas.. a primeira \u00e9 que n\u00e3o vou mais precisar ir para a escolinha, o outro \u00e9 que meus pais ficam o tempo todo comigo e alem disso tem um monte de coisas diferentes para fazer!<\/p>\n<p>Quando achei que o sonho tinha acabado, fomos para a lagoa do vov\u00f4 e acabamos ficando por l\u00e1 at\u00e9 o final da semana! pena que meu pai teve que ir embora mas fiquei com a mam\u00e3e, vov\u00f3 e o vov\u00f4, foi t\u00e3o legal!<\/p>\n<p>No primeiro dia l\u00e1 aprendi a andar sozinho no quadriciclo (meu av\u00f4 me ajudou nisso) e depois fui pilotar a lancha no vov\u00f4! que dia loco.<\/p>\n<p>Tem v\u00e1rias coisas mudando na minha vida, uma delas \u00e9 que j\u00e1 durmo sozinho as vezes, tomo meu mam\u00e1 e viro pro lado e durmo. A outra \u00e9 a fome que eu ando ultimamente, pare\u00e7o um saco sem fundo, como muito de tudo. Algumas coisas que eu n\u00e3o gostava mais voltei a gostar, tomate e geleia de morango.<\/p>\n<p>No s\u00e1bado voltamos para a praia de novo, mas na verdade eu s\u00f3 quis ir para comer picol\u00e9, at\u00e9 j\u00e1 conhe\u00e7o o barulho da corneta do tio do picol\u00e9.<\/p>\n<p>Domingo de manh\u00e3 voltamos pois tinha um almo\u00e7o de anivers\u00e1rio da minha tia! Nem preciso dizer que fui s\u00f3 para comer n\u00e9?<\/p>\n<p>Bem galera, semana muito agitada. Vou colocar uma foto minha e da minha tia \ud83d\ude42<\/p>\n<p>Bjs do Vini<\/p>\n<p><a href=\"http:\/\/gordinez.com.br\/blog\/wp-content\/uploads\/2018\/02\/DSC_4944.jpg\"><img loading=\"lazy\" decoding=\"async\" class=\"aligncenter size-medium wp-image-16698\" src=\"http:\/\/gordinez.com.br\/blog\/wp-content\/uploads\/2018\/02\/DSC_4944-300x200.jpg\" alt=\"DSC_4944\" width=\"300\" height=\"200\" srcset=\"https:\/\/gordinez.com.br\/blog\/wp-content\/uploads\/2018\/02\/DSC_4944-300x200.jpg 300w, https:\/\/gordinez.com.br\/blog\/wp-content\/uploads\/2018\/02\/DSC_4944-1024x681.jpg 1024w, https:\/\/gordinez.com.br\/blog\/wp-content\/uploads\/2018\/02\/DSC_4944.jpg 1500w\" sizes=\"auto, (max-width: 300px) 100vw, 300px\" \/><\/a><\/p>\n","protected":false},"excerpt":{"rendered":"<p>Gente! achei que era o \u00faltimo dia de praia mas ainda ficamos at\u00e9 a metade da semana na praia! uhuuu! Eu gostei muito disso aqui, tem piscina, brinquedos e mais um monte de coisas legais. Confesso que o \u00fanico dia que fomos para a beira da praia a minha tia Tati me deu um picol\u00e9, [&hellip;]<\/p>\n","protected":false},"author":2,"featured_media":0,"comment_status":"closed","ping_status":"open","sticky":false,"template":"","format":"standard","meta":{"footnotes":""},"categories":[32],"tags":[],"class_list":["post-16697","post","type-post","status-publish","format-standard","hentry","category-vinicius"],"_links":{"self":[{"href":"https:\/\/gordinez.com.br\/blog\/index.php?rest_route=\/wp\/v2\/posts\/16697","targetHints":{"allow":["GET"]}}],"collection":[{"href":"https:\/\/gordinez.com.br\/blog\/index.php?rest_route=\/wp\/v2\/posts"}],"about":[{"href":"https:\/\/gordinez.com.br\/blog\/index.php?rest_route=\/wp\/v2\/types\/post"}],"author":[{"embeddable":true,"href":"https:\/\/gordinez.com.br\/blog\/index.php?rest_route=\/wp\/v2\/users\/2"}],"replies":[{"embeddable":true,"href":"https:\/\/gordinez.com.br\/blog\/index.php?rest_route=%2Fwp%2Fv2%2Fcomments&post=16697"}],"version-history":[{"count":1,"href":"https:\/\/gordinez.com.br\/blog\/index.php?rest_route=\/wp\/v2\/posts\/16697\/revisions"}],"predecessor-version":[{"id":16699,"href":"https:\/\/gordinez.com.br\/blog\/index.php?rest_route=\/wp\/v2\/posts\/16697\/revisions\/16699"}],"wp:attachment":[{"href":"https:\/\/gordinez.com.br\/blog\/index.php?rest_route=%2Fwp%2Fv2%2Fmedia&parent=16697"}],"wp:term":[{"taxonomy":"category","embeddable":true,"href":"https:\/\/gordinez.com.br\/blog\/index.php?rest_route=%2Fwp%2Fv2%2Fcategories&post=16697"},{"taxonomy":"post_tag","embeddable":true,"href":"https:\/\/gordinez.com.br\/blog\/index.php?rest_route=%2Fwp%2Fv2%2Ftags&post=16697"}],"curies":[{"name":"wp","href":"https:\/\/api.w.org\/{rel}","templated":true}]}}