{"id":15143,"date":"2017-04-16T20:00:03","date_gmt":"2017-04-16T23:00:03","guid":{"rendered":"http:\/\/gordinez.com.br\/blog\/?p=15143"},"modified":"2017-04-17T21:17:05","modified_gmt":"2017-04-18T00:17:05","slug":"diario-do-vini-69","status":"publish","type":"post","link":"https:\/\/gordinez.com.br\/blog\/?p=15143","title":{"rendered":"Di\u00e1rio do Vini"},"content":{"rendered":"<p>Gente, eu s\u00f3 quero caminhar! Na verdade eu ainda preciso de uma ajudinha, mas \u00e9 muito pouquinho.. em breve estarei livre para caminhar por tudo.<\/p>\n<p>Eu gosto muito de ficar de p\u00e9 em cima da cama, a\u00ed eu me jogo em cima dos travesseiros. Se algu\u00e9m estende a m\u00e3o eu j\u00e1 fico de p\u00e9 e saio caminhando. \u00c9 muito legal.<\/p>\n<p>Durante a semana consegui me escapar duas vezes de tomar a vacina da gripe. Na primeira minha m\u00e3e ligou pro meu pai e pediu para me levar no post\u00e3o, s\u00f3 que a cadeirinha tinha ficado no carro dela. No outro dia, j\u00e1 com a cadeirinha fomos at\u00e9 l\u00e1 e ao chegar a enfermeira dispensou todos (inclusive eu) por causa do hor\u00e1rio. Ufa!<\/p>\n<p>Esse final de semana estendido teve o anivers\u00e1rio do meu V\u00f4 e a pascoa. No anivers\u00e1rio veio um monte de gente e todos queriam tirar uma casquinha de mim.<\/p>\n<p>E no domingo tive uma surpresa ao acordar.. O coelhinho foi l\u00e1 na lagoa e deixou uma cesta pra mim, e o melhor \u00e9 que na minha sexta tinha um monte de tomate, fiquei t\u00e3o feliz!<\/p>\n<p>Bem galera, minha semana foi assim.<\/p>\n<p>A foto de hoje \u00e9 em homenagem ao anivers\u00e1rio do meu vov\u00f4.<\/p>\n<p>Bjs do Vini<\/p>\n<p><a href=\"http:\/\/gordinez.com.br\/blog\/wp-content\/uploads\/2017\/04\/DSC_7104.jpg\"><img loading=\"lazy\" decoding=\"async\" class=\"aligncenter size-medium wp-image-15144\" src=\"http:\/\/gordinez.com.br\/blog\/wp-content\/uploads\/2017\/04\/DSC_7104-300x200.jpg\" alt=\"DSC_7104\" width=\"300\" height=\"200\" srcset=\"https:\/\/gordinez.com.br\/blog\/wp-content\/uploads\/2017\/04\/DSC_7104-300x200.jpg 300w, https:\/\/gordinez.com.br\/blog\/wp-content\/uploads\/2017\/04\/DSC_7104-1024x681.jpg 1024w, https:\/\/gordinez.com.br\/blog\/wp-content\/uploads\/2017\/04\/DSC_7104.jpg 1500w\" sizes=\"auto, (max-width: 300px) 100vw, 300px\" \/><\/a><\/p>\n","protected":false},"excerpt":{"rendered":"<p>Gente, eu s\u00f3 quero caminhar! Na verdade eu ainda preciso de uma ajudinha, mas \u00e9 muito pouquinho.. em breve estarei livre para caminhar por tudo. Eu gosto muito de ficar de p\u00e9 em cima da cama, a\u00ed eu me jogo em cima dos travesseiros. Se algu\u00e9m estende a m\u00e3o eu j\u00e1 fico de p\u00e9 e [&hellip;]<\/p>\n","protected":false},"author":2,"featured_media":0,"comment_status":"closed","ping_status":"open","sticky":false,"template":"","format":"standard","meta":{"footnotes":""},"categories":[32],"tags":[],"class_list":["post-15143","post","type-post","status-publish","format-standard","hentry","category-vinicius"],"_links":{"self":[{"href":"https:\/\/gordinez.com.br\/blog\/index.php?rest_route=\/wp\/v2\/posts\/15143","targetHints":{"allow":["GET"]}}],"collection":[{"href":"https:\/\/gordinez.com.br\/blog\/index.php?rest_route=\/wp\/v2\/posts"}],"about":[{"href":"https:\/\/gordinez.com.br\/blog\/index.php?rest_route=\/wp\/v2\/types\/post"}],"author":[{"embeddable":true,"href":"https:\/\/gordinez.com.br\/blog\/index.php?rest_route=\/wp\/v2\/users\/2"}],"replies":[{"embeddable":true,"href":"https:\/\/gordinez.com.br\/blog\/index.php?rest_route=%2Fwp%2Fv2%2Fcomments&post=15143"}],"version-history":[{"count":1,"href":"https:\/\/gordinez.com.br\/blog\/index.php?rest_route=\/wp\/v2\/posts\/15143\/revisions"}],"predecessor-version":[{"id":15145,"href":"https:\/\/gordinez.com.br\/blog\/index.php?rest_route=\/wp\/v2\/posts\/15143\/revisions\/15145"}],"wp:attachment":[{"href":"https:\/\/gordinez.com.br\/blog\/index.php?rest_route=%2Fwp%2Fv2%2Fmedia&parent=15143"}],"wp:term":[{"taxonomy":"category","embeddable":true,"href":"https:\/\/gordinez.com.br\/blog\/index.php?rest_route=%2Fwp%2Fv2%2Fcategories&post=15143"},{"taxonomy":"post_tag","embeddable":true,"href":"https:\/\/gordinez.com.br\/blog\/index.php?rest_route=%2Fwp%2Fv2%2Ftags&post=15143"}],"curies":[{"name":"wp","href":"https:\/\/api.w.org\/{rel}","templated":true}]}}